{"id":42411,"date":"2018-12-08T12:33:47","date_gmt":"2018-12-08T11:33:47","guid":{"rendered":"https:\/\/maderoterapiaonline.org\/quest-ce-que-la-therapie-corporelle-et-faciale-au-bois\/"},"modified":"2024-04-17T13:22:07","modified_gmt":"2024-04-17T11:22:07","slug":"quest-ce-que-la-therapie-corporelle-et-faciale-au-bois","status":"publish","type":"post","link":"https:\/\/maderoterapiaonline.org\/fr\/quest-ce-que-la-therapie-corporelle-et-faciale-au-bois\/","title":{"rendered":"Qu&#039;est-ce que la th\u00e9rapie corporelle et faciale au bois ?"},"content":{"rendered":"<div class=\"vce-row-container\" data-vce-boxed-width=\"true\"><div class=\"vce-row vce-row--col-gap-30 vce-row-equal-height vce-row-content--top\" id=\"el-7cdc3ba3\" data-vce-do-apply=\"all el-7cdc3ba3\"><div class=\"vce-row-content\" data-vce-element-content=\"true\"><div class=\"vce-col vce-col--md-auto vce-col--xs-1 vce-col--xs-last vce-col--xs-first vce-col--sm-last vce-col--sm-first vce-col--md-last vce-col--lg-last vce-col--xl-last vce-col--md-first vce-col--lg-first vce-col--xl-first\" id=\"el-401faea2\"><div class=\"vce-col-inner\" data-vce-do-apply=\"border margin background  el-401faea2\"><div class=\"vce-col-content\" data-vce-element-content=\"true\" data-vce-do-apply=\"padding el-401faea2\"><div class=\"vce-text-block\"><div class=\"vce-text-block-wrapper vce\" id=\"el-25330239\" data-vce-do-apply=\"all el-25330239\"><h1 style=\"text-align: center;\"><strong>Qu'est-ce que la th\u00e9rapie par le bois ?<\/strong><\/h1>\nLa mad\u00e9roth\u00e9rapie est un massage alternatif qui utilise une s\u00e9rie d'\u00e9l\u00e9ments en bois pour r\u00e9cup\u00e9rer et optimiser les propri\u00e9t\u00e9s de la peau afin de modeler et d'am\u00e9liorer sa forme et de cr\u00e9er un effet rajeunissant sur le visage. Cette technique a une origine orientale et a \u00e9t\u00e9 perfectionn\u00e9e en Colombie par le pionnier <strong>Wilson Pati\u00f1o<\/strong>, qui a \u00e9t\u00e9 r\u00e9v\u00e9l\u00e9e sur diverses cha\u00eenes de t\u00e9l\u00e9vision d'Am\u00e9rique du Sud pour les bienfaits de la m\u00e9decine moderne. \u00bfVotre go\u00fbt est-il bon gr\u00e2ce \u00e0 la <strong>th\u00e9rapie corporelle et faciale?<\/strong>  \n\n<span style=\"color: #808000;\">Gr\u00e2ce \u00e0 la Maderoterapia corporal, nous pouvons atteindre nos objectifs :<\/span>\n<ul>\n \t<li>R\u00e9duire les centim\u00e8tres des jambes, de la taille, des flancs, de l'abdomen et des bras.<\/li>\n \t<li>Favorise l'\u00e9limination de la cellulite et des graisses localis\u00e9es.<\/li>\n \t<li>Tonifie et raffermit la peau sur l'ensemble du corps.<\/li>\n \t<li>Lifte les fesses et le buste.<\/li>\n \t<li>Mod\u00e9lisation des contours du corps par l'optimisation des courbes.<\/li>\n \t<li>Aide \u00e0 activer le syst\u00e8me sanguin et lymphatique, favorisant ainsi la d\u00e9sintoxication de l'organisme.<\/li>\n<\/ul>\n<span style=\"color: #808000;\">Avec la Maderoterapia faciale nous pouvons atteindre :<\/span>\n<ul>\n \t<li>\u00c9liminer les lignes d'expression.<\/li>\n \t<li>R\u00e9duire ou \u00e9liminer le double menton.<\/li>\n \t<li>\u00c9limine les cernes et les poches sous les yeux.<\/li>\n \t<li>\u00c9liminer les rides.<\/li>\n \t<li>Raffermir les paupi\u00e8res.<\/li>\n \t<li>Oxyg\u00e9ner et d\u00e9toxifier la peau.<\/li>\n \t<li>Cr\u00e9e un effet rajeunissant et durable.<\/li>\n<\/ul>\n<span style=\"color: #808000;\">L'application de la th\u00e9rapie par le bois est la suivante :<\/span>\n<ol>\n \t<li>Tout d'abord, nous allons activer le syst\u00e8me lymphatique et circulatoire pour favoriser l'\u00e9limination des d\u00e9chets.<\/li>\n \t<li>Ensuite, le massage est appliqu\u00e9 avec les \u00e9l\u00e9ments en bois correspondants dans chaque cas, en tenant compte d'une s\u00e9rie de d\u00e9tails tr\u00e8s importants, tels que le type de bois \u00e0 utiliser sur chaque partie du corps, l'ordre dans lequel ils sont utilis\u00e9s, la pression en fonction du corps et de la peau de la personne et la vitesse appropri\u00e9e.<\/li>\n \t<li>Il est important de terminer correctement la s\u00e9ance de th\u00e9rapie par le bois afin d'obtenir des r\u00e9sultats durables et visibles.<\/li>\n<\/ol>\n<span style=\"color: #808000;\">Quels sont les probl\u00e8mes que rencontrent g\u00e9n\u00e9ralement les personnes qui recherchent une <strong>th\u00e9rapie par le bois ?<\/strong><\/span>\n\nNormalement les femmes qui n'aiment pas leur corps ou qui veulent simplement le garder beau et l'am\u00e9liorer, les personnes qui ressentent des jambes fatigu\u00e9es, il y a aussi des personnes qui ont besoin d'un entretien de leur corps, c'est un outil professionnel pour eux.\n\n<span style=\"color: #808000;\">Pour qui l'application de la technique de la th\u00e9rapie par le bois n'est-elle pas recommand\u00e9e ?<\/span>\n\nPour une personne en cours de diagnostic de cancer et pour les femmes enceintes.\n\n<span style=\"color: #808000;\"><strong>Qu'est-ce que la th\u00e9rapie corporelle et faciale par le bois <\/strong>et a-t-elle le pouvoir de gu\u00e9rir ?<\/span>\n\nAbsolument pas, la Wood Therapy est une technique \u00e0 usage esth\u00e9tique et en aucun cas th\u00e9rapeutique, beaucoup de personnes qui suivent des s\u00e9ances de Wood Therapy ressentent une am\u00e9lioration et un soulagement des douleurs musculaires ou articulaires, pour la simple raison que ce massage cr\u00e9e un effet relaxant et analg\u00e9sique naturel par la s\u00e9cr\u00e9tion de certaines substances du corps lui-m\u00eame, en plus de l'effet curatif qu'une femme ou un homme ressent en harmonie avec son propre corps sur le plan \u00e9motionnel et affectif.\n\n<span style=\"color: #808000;\">La th\u00e9rapie du bois est-elle douloureuse ?<\/span>\n\nLorsque la th\u00e9rapie par le bois est appliqu\u00e9e de mani\u00e8re incorrecte, elle peut \u00e9videmment \u00eatre douloureuse, voire traumatisante, mais lorsqu'elle est appliqu\u00e9e correctement, elle n'est jamais douloureuse ; au contraire, c'est une exp\u00e9rience relaxante et agr\u00e9able.\n\n<span style=\"color: #808000;\">La th\u00e9rapie par le bois est-elle une technique esth\u00e9tique miraculeuse ?<\/span>\n\nNon, pas du tout, mais dans 99% des cas, le traitement est couronn\u00e9 de succ\u00e8s. Si la personne accompagne le traitement de Wood Therapy d'un r\u00e9gime alimentaire sain, d'un exercice physique mod\u00e9r\u00e9 et d'un examen p\u00e9riodique de l'\u00e9tat conflictuel et \u00e9motionnel, la Wood Therapy multiplie et amplifie ses effets.\n\n<span style=\"color: #808000;\">\u00c0 quel type de personnes recommanderiez-vous Wood Therapy ?<\/span>\n\nA toute personne, homme ou femme, qui souhaite am\u00e9liorer et prendre soin de n'importe quelle partie de son corps et surtout aux professionnels de l'image corporelle.\n\n<span style=\"color: #808000;\">Combien de s\u00e9ances faut-il pour obtenir des r\u00e9sultats ?<\/span>\n\nD\u00e8s la premi\u00e8re s\u00e9ance on obtient des r\u00e9sultats visibles, mais c'est comme tout le reste, si vous voulez atteindre l'excellence dans quelque chose vous devez avoir de la patience et \u00eatre constant, pour que vous compreniez, je ne vous demanderais pas ; Combien devez-vous manger pour vous sentir rassasi\u00e9 et vous n'avez pas besoin de manger plus ? cette question est incorrecte, si vous voulez prendre soin de votre corps et de votre sant\u00e9, vous ne le faites pas un mois, ni deux, vous le faites toute votre vie, mais pour r\u00e9pondre \u00e0 votre question, il y a des gens qui font un traitement entre 3 et 10 s\u00e9ances et se reposent, puis avec le temps ils reviennent et continuent avec un autre traitement, de cette fa\u00e7on la personne a le pouvoir de le faire quand elle veut et elle le sent, dans cela il n'y a rien d'obligatoire, chaque personne a sa propre strat\u00e9gie.\n\n<span style=\"color: #808000;\">Proposez-vous \u00e9galement des formations en ligne et en pr\u00e9sentiel sur la th\u00e9rapie par le bois et en quoi consistent-elles ?<\/span>\n\nOui, nous avons des formations disponibles dans les deux modalit\u00e9s et elles consistent en une partie th\u00e9orique tr\u00e8s importante et une partie pratique sous la supervision d'une \u00e9quipe professionnelle pour polir l'application correcte de la technique afin que les personnes qui viennent \u00e0 un \u00e9tudiant de Maderoterapia online obtiennent les m\u00eames r\u00e9sultats positifs que ceux que j'obtiens avec tous mes clients.\n\n<span style=\"color: #808000;\">Quel type de personnes participe habituellement \u00e0 vos formations ?<\/span>\n\nIl s'agit g\u00e9n\u00e9ralement de personnes qui se consacrent au monde de l'esth\u00e9tique, des massages et de la beaut\u00e9, ou simplement de personnes qui souhaitent apprendre une sp\u00e9cialisation en th\u00e9rapie du bois et s'y consacrer exclusivement.\n\n<span style=\"color: #808000;\">Dans quels domaines la th\u00e9rapie par le bois a-t-elle des d\u00e9bouch\u00e9s professionnels ?<\/span>\n\nDans les centres de beaut\u00e9 et de massage, les th\u00e9rapies naturelles, les spas, les h\u00f4tels, etc...\n<h4 style=\"text-align: center;\">Regardez cette vid\u00e9o o\u00f9 j'explique <strong>ce qu'est la th\u00e9rapie par le bois<\/strong> et comment l'appliquer pour obtenir des r\u00e9sultats esth\u00e9tiques \u00e9tonnants.<\/h4>\n<p style=\"text-align: center;\"><iframe loading=\"lazy\" src=\"https:\/\/www.youtube.com\/embed\/ZGnYSXge9kY\" width=\"560\" height=\"315\" frameborder=\"0\" allowfullscreen=\"allowfullscreen\"><\/iframe><\/p>    \t<\/div><\/div><\/div><\/div><\/div><\/div><\/div><\/div>\n","protected":false},"excerpt":{"rendered":"<p>Qu&rsquo;est-ce que la th\u00e9rapie par le bois ? La mad\u00e9roth\u00e9rapie est un massage alternatif qui utilise une s\u00e9rie d&rsquo;\u00e9l\u00e9ments en bois pour r\u00e9cup\u00e9rer et optimiser les propri\u00e9t\u00e9s de la peau afin de modeler et d&rsquo;am\u00e9liorer sa forme et de cr\u00e9er un effet rajeunissant sur le visage. Cette technique a une origine orientale et a \u00e9t\u00e9 [&hellip;]<\/p>\n","protected":false},"author":2,"featured_media":41331,"comment_status":"open","ping_status":"closed","sticky":false,"template":"","format":"standard","meta":{"content-type":"","footnotes":""},"categories":[69,254],"tags":[292,382],"class_list":["post-42411","post","type-post","status-publish","format-standard","has-post-thumbnail","hentry","category-blog","category-blog-fr","tag-blog-maderoterapia-fr","tag-quest-ce-que-la-therapie-par-le-bois"],"featured_image_src":{"landsacpe":["https:\/\/maderoterapiaonline.org\/wp-content\/uploads\/2024\/04\/Que-es-la-maderoterapia-en-frances-1024x445.jpg",1024,445,true],"list":["https:\/\/maderoterapiaonline.org\/wp-content\/uploads\/2024\/04\/Que-es-la-maderoterapia-en-frances-463x348.jpg",463,348,true],"medium":["https:\/\/maderoterapiaonline.org\/wp-content\/uploads\/2024\/04\/Que-es-la-maderoterapia-en-frances-300x157.jpg",300,157,true],"full":["https:\/\/maderoterapiaonline.org\/wp-content\/uploads\/2024\/04\/Que-es-la-maderoterapia-en-frances.jpg",1024,536,false]},"yoast_head":"<!-- This site is optimized with the Yoast SEO plugin v27.4 - https:\/\/yoast.com\/product\/yoast-seo-wordpress\/ -->\n<title>Qu&#039;est-ce que la th\u00e9rapie corporelle et faciale au bois ? - Maderoterapia Online<\/title>\n<meta name=\"robots\" content=\"index, follow, max-snippet:-1, max-image-preview:large, max-video-preview:-1\" \/>\n<link rel=\"canonical\" href=\"https:\/\/maderoterapiaonline.org\/fr\/quest-ce-que-la-therapie-corporelle-et-faciale-au-bois\/\" \/>\n<meta property=\"og:locale\" content=\"fr_FR\" \/>\n<meta property=\"og:type\" content=\"article\" \/>\n<meta property=\"og:title\" content=\"Qu&#039;est-ce que la th\u00e9rapie corporelle et faciale au bois ? - Maderoterapia Online\" \/>\n<meta property=\"og:description\" content=\"Qu&#039;est-ce que la th\u00e9rapie par le bois ? La mad\u00e9roth\u00e9rapie est un massage alternatif qui utilise une s\u00e9rie d&#039;\u00e9l\u00e9ments en bois pour r\u00e9cup\u00e9rer et optimiser les propri\u00e9t\u00e9s de la peau afin de modeler et d&#039;am\u00e9liorer sa forme et de cr\u00e9er un effet rajeunissant sur le visage. Cette technique a une origine orientale et a \u00e9t\u00e9 [&hellip;]\" \/>\n<meta property=\"og:url\" content=\"https:\/\/maderoterapiaonline.org\/fr\/quest-ce-que-la-therapie-corporelle-et-faciale-au-bois\/\" \/>\n<meta property=\"og:site_name\" content=\"Maderoterapia Online\" \/>\n<meta property=\"article:published_time\" content=\"2018-12-08T11:33:47+00:00\" \/>\n<meta property=\"article:modified_time\" content=\"2024-04-17T11:22:07+00:00\" \/>\n<meta property=\"og:image\" content=\"https:\/\/maderoterapiaonline.org\/wp-content\/uploads\/2024\/04\/Que-es-la-maderoterapia-en-frances.jpg\" \/>\n\t<meta property=\"og:image:width\" content=\"1024\" \/>\n\t<meta property=\"og:image:height\" content=\"536\" \/>\n\t<meta property=\"og:image:type\" content=\"image\/jpeg\" \/>\n<meta name=\"author\" content=\"Juanjo\" \/>\n<meta name=\"twitter:card\" content=\"summary_large_image\" \/>\n<meta name=\"twitter:label1\" content=\"\u00c9crit par\" \/>\n\t<meta name=\"twitter:data1\" content=\"Juanjo\" \/>\n\t<meta name=\"twitter:label2\" content=\"Dur\u00e9e de lecture estim\u00e9e\" \/>\n\t<meta name=\"twitter:data2\" content=\"5 minutes\" \/>\n<script type=\"application\/ld+json\" class=\"yoast-schema-graph\">{\"@context\":\"https:\\\/\\\/schema.org\",\"@graph\":[{\"@type\":\"Article\",\"@id\":\"https:\\\/\\\/maderoterapiaonline.org\\\/fr\\\/quest-ce-que-la-therapie-corporelle-et-faciale-au-bois\\\/#article\",\"isPartOf\":{\"@id\":\"https:\\\/\\\/maderoterapiaonline.org\\\/fr\\\/quest-ce-que-la-therapie-corporelle-et-faciale-au-bois\\\/\"},\"author\":{\"name\":\"Juanjo\",\"@id\":\"https:\\\/\\\/maderoterapiaonline.org\\\/fr\\\/#\\\/schema\\\/person\\\/f0147cfaabb3372aaa2a75bfcd881fcd\"},\"headline\":\"Qu&#039;est-ce que la th\u00e9rapie corporelle et faciale au bois ?\",\"datePublished\":\"2018-12-08T11:33:47+00:00\",\"dateModified\":\"2024-04-17T11:22:07+00:00\",\"mainEntityOfPage\":{\"@id\":\"https:\\\/\\\/maderoterapiaonline.org\\\/fr\\\/quest-ce-que-la-therapie-corporelle-et-faciale-au-bois\\\/\"},\"wordCount\":1126,\"commentCount\":0,\"publisher\":{\"@id\":\"https:\\\/\\\/maderoterapiaonline.org\\\/fr\\\/#organization\"},\"image\":{\"@id\":\"https:\\\/\\\/maderoterapiaonline.org\\\/fr\\\/quest-ce-que-la-therapie-corporelle-et-faciale-au-bois\\\/#primaryimage\"},\"thumbnailUrl\":\"https:\\\/\\\/maderoterapiaonline.org\\\/wp-content\\\/uploads\\\/2024\\\/04\\\/Que-es-la-maderoterapia-en-frances.jpg\",\"keywords\":[\"Blog Maderoterapia\",\"Qu'est-ce que la th\u00e9rapie par le bois ?\"],\"articleSection\":[\"blog\",\"blog\"],\"inLanguage\":\"fr-FR\",\"potentialAction\":[{\"@type\":\"CommentAction\",\"name\":\"Comment\",\"target\":[\"https:\\\/\\\/maderoterapiaonline.org\\\/fr\\\/quest-ce-que-la-therapie-corporelle-et-faciale-au-bois\\\/#respond\"]}]},{\"@type\":\"WebPage\",\"@id\":\"https:\\\/\\\/maderoterapiaonline.org\\\/fr\\\/quest-ce-que-la-therapie-corporelle-et-faciale-au-bois\\\/\",\"url\":\"https:\\\/\\\/maderoterapiaonline.org\\\/fr\\\/quest-ce-que-la-therapie-corporelle-et-faciale-au-bois\\\/\",\"name\":\"Qu&#039;est-ce que la th\u00e9rapie corporelle et faciale au bois ? - Maderoterapia Online\",\"isPartOf\":{\"@id\":\"https:\\\/\\\/maderoterapiaonline.org\\\/fr\\\/#website\"},\"primaryImageOfPage\":{\"@id\":\"https:\\\/\\\/maderoterapiaonline.org\\\/fr\\\/quest-ce-que-la-therapie-corporelle-et-faciale-au-bois\\\/#primaryimage\"},\"image\":{\"@id\":\"https:\\\/\\\/maderoterapiaonline.org\\\/fr\\\/quest-ce-que-la-therapie-corporelle-et-faciale-au-bois\\\/#primaryimage\"},\"thumbnailUrl\":\"https:\\\/\\\/maderoterapiaonline.org\\\/wp-content\\\/uploads\\\/2024\\\/04\\\/Que-es-la-maderoterapia-en-frances.jpg\",\"datePublished\":\"2018-12-08T11:33:47+00:00\",\"dateModified\":\"2024-04-17T11:22:07+00:00\",\"breadcrumb\":{\"@id\":\"https:\\\/\\\/maderoterapiaonline.org\\\/fr\\\/quest-ce-que-la-therapie-corporelle-et-faciale-au-bois\\\/#breadcrumb\"},\"inLanguage\":\"fr-FR\",\"potentialAction\":[{\"@type\":\"ReadAction\",\"target\":[\"https:\\\/\\\/maderoterapiaonline.org\\\/fr\\\/quest-ce-que-la-therapie-corporelle-et-faciale-au-bois\\\/\"]}]},{\"@type\":\"ImageObject\",\"inLanguage\":\"fr-FR\",\"@id\":\"https:\\\/\\\/maderoterapiaonline.org\\\/fr\\\/quest-ce-que-la-therapie-corporelle-et-faciale-au-bois\\\/#primaryimage\",\"url\":\"https:\\\/\\\/maderoterapiaonline.org\\\/wp-content\\\/uploads\\\/2024\\\/04\\\/Que-es-la-maderoterapia-en-frances.jpg\",\"contentUrl\":\"https:\\\/\\\/maderoterapiaonline.org\\\/wp-content\\\/uploads\\\/2024\\\/04\\\/Que-es-la-maderoterapia-en-frances.jpg\",\"width\":1024,\"height\":536,\"caption\":\"Maderoth\u00e9rapie corps et visage\"},{\"@type\":\"BreadcrumbList\",\"@id\":\"https:\\\/\\\/maderoterapiaonline.org\\\/fr\\\/quest-ce-que-la-therapie-corporelle-et-faciale-au-bois\\\/#breadcrumb\",\"itemListElement\":[{\"@type\":\"ListItem\",\"position\":1,\"name\":\"Portada\",\"item\":\"https:\\\/\\\/maderoterapiaonline.org\\\/fr\\\/\"},{\"@type\":\"ListItem\",\"position\":2,\"name\":\"Qu&#039;est-ce que la th\u00e9rapie corporelle et faciale au bois ?\"}]},{\"@type\":\"WebSite\",\"@id\":\"https:\\\/\\\/maderoterapiaonline.org\\\/fr\\\/#website\",\"url\":\"https:\\\/\\\/maderoterapiaonline.org\\\/fr\\\/\",\"name\":\"Maderoterapia Online\",\"description\":\"Compra tu kit de Maderoterapia Profesional. Env\u00edos 24\\\/48h. Atenci\u00f3n al cliente por profesionales Maderoterapeutas\",\"publisher\":{\"@id\":\"https:\\\/\\\/maderoterapiaonline.org\\\/fr\\\/#organization\"},\"alternateName\":\"Maderoterapiaonline.org\",\"potentialAction\":[{\"@type\":\"SearchAction\",\"target\":{\"@type\":\"EntryPoint\",\"urlTemplate\":\"https:\\\/\\\/maderoterapiaonline.org\\\/fr\\\/?s={search_term_string}\"},\"query-input\":{\"@type\":\"PropertyValueSpecification\",\"valueRequired\":true,\"valueName\":\"search_term_string\"}}],\"inLanguage\":\"fr-FR\"},{\"@type\":\"Organization\",\"@id\":\"https:\\\/\\\/maderoterapiaonline.org\\\/fr\\\/#organization\",\"name\":\"Maderoterapia Est\u00e9tica Espa\u00f1a \u2013 Dori L\u00f3pez\u00ae y Escuela Profesional Maderoterapia Online\u00ae.\",\"url\":\"https:\\\/\\\/maderoterapiaonline.org\\\/fr\\\/\",\"logo\":{\"@type\":\"ImageObject\",\"inLanguage\":\"fr-FR\",\"@id\":\"https:\\\/\\\/maderoterapiaonline.org\\\/fr\\\/#\\\/schema\\\/logo\\\/image\\\/\",\"url\":\"https:\\\/\\\/maderoterapiaonline.org\\\/wp-content\\\/uploads\\\/2025\\\/03\\\/Logo-M-1.png\",\"contentUrl\":\"https:\\\/\\\/maderoterapiaonline.org\\\/wp-content\\\/uploads\\\/2025\\\/03\\\/Logo-M-1.png\",\"width\":1464,\"height\":1051,\"caption\":\"Maderoterapia Est\u00e9tica Espa\u00f1a \u2013 Dori L\u00f3pez\u00ae y Escuela Profesional Maderoterapia Online\u00ae.\"},\"image\":{\"@id\":\"https:\\\/\\\/maderoterapiaonline.org\\\/fr\\\/#\\\/schema\\\/logo\\\/image\\\/\"}},{\"@type\":\"Person\",\"@id\":\"https:\\\/\\\/maderoterapiaonline.org\\\/fr\\\/#\\\/schema\\\/person\\\/f0147cfaabb3372aaa2a75bfcd881fcd\",\"name\":\"Juanjo\",\"image\":{\"@type\":\"ImageObject\",\"inLanguage\":\"fr-FR\",\"@id\":\"https:\\\/\\\/secure.gravatar.com\\\/avatar\\\/bf4ec14830bed7f77073acb156f12f5c27fcdfffdb3d1300860df465e507f220?s=96&d=mm&r=g\",\"url\":\"https:\\\/\\\/secure.gravatar.com\\\/avatar\\\/bf4ec14830bed7f77073acb156f12f5c27fcdfffdb3d1300860df465e507f220?s=96&d=mm&r=g\",\"contentUrl\":\"https:\\\/\\\/secure.gravatar.com\\\/avatar\\\/bf4ec14830bed7f77073acb156f12f5c27fcdfffdb3d1300860df465e507f220?s=96&d=mm&r=g\",\"caption\":\"Juanjo\"}}]}<\/script>\n<!-- \/ Yoast SEO plugin. -->","yoast_head_json":{"title":"Qu&#039;est-ce que la th\u00e9rapie corporelle et faciale au bois ? - Maderoterapia Online","robots":{"index":"index","follow":"follow","max-snippet":"max-snippet:-1","max-image-preview":"max-image-preview:large","max-video-preview":"max-video-preview:-1"},"canonical":"https:\/\/maderoterapiaonline.org\/fr\/quest-ce-que-la-therapie-corporelle-et-faciale-au-bois\/","og_locale":"fr_FR","og_type":"article","og_title":"Qu&#039;est-ce que la th\u00e9rapie corporelle et faciale au bois ? - Maderoterapia Online","og_description":"Qu'est-ce que la th\u00e9rapie par le bois ? La mad\u00e9roth\u00e9rapie est un massage alternatif qui utilise une s\u00e9rie d'\u00e9l\u00e9ments en bois pour r\u00e9cup\u00e9rer et optimiser les propri\u00e9t\u00e9s de la peau afin de modeler et d'am\u00e9liorer sa forme et de cr\u00e9er un effet rajeunissant sur le visage. Cette technique a une origine orientale et a \u00e9t\u00e9 [&hellip;]","og_url":"https:\/\/maderoterapiaonline.org\/fr\/quest-ce-que-la-therapie-corporelle-et-faciale-au-bois\/","og_site_name":"Maderoterapia Online","article_published_time":"2018-12-08T11:33:47+00:00","article_modified_time":"2024-04-17T11:22:07+00:00","og_image":[{"width":1024,"height":536,"url":"https:\/\/maderoterapiaonline.org\/wp-content\/uploads\/2024\/04\/Que-es-la-maderoterapia-en-frances.jpg","type":"image\/jpeg"}],"author":"Juanjo","twitter_card":"summary_large_image","twitter_misc":{"\u00c9crit par":"Juanjo","Dur\u00e9e de lecture estim\u00e9e":"5 minutes"},"schema":{"@context":"https:\/\/schema.org","@graph":[{"@type":"Article","@id":"https:\/\/maderoterapiaonline.org\/fr\/quest-ce-que-la-therapie-corporelle-et-faciale-au-bois\/#article","isPartOf":{"@id":"https:\/\/maderoterapiaonline.org\/fr\/quest-ce-que-la-therapie-corporelle-et-faciale-au-bois\/"},"author":{"name":"Juanjo","@id":"https:\/\/maderoterapiaonline.org\/fr\/#\/schema\/person\/f0147cfaabb3372aaa2a75bfcd881fcd"},"headline":"Qu&#039;est-ce que la th\u00e9rapie corporelle et faciale au bois ?","datePublished":"2018-12-08T11:33:47+00:00","dateModified":"2024-04-17T11:22:07+00:00","mainEntityOfPage":{"@id":"https:\/\/maderoterapiaonline.org\/fr\/quest-ce-que-la-therapie-corporelle-et-faciale-au-bois\/"},"wordCount":1126,"commentCount":0,"publisher":{"@id":"https:\/\/maderoterapiaonline.org\/fr\/#organization"},"image":{"@id":"https:\/\/maderoterapiaonline.org\/fr\/quest-ce-que-la-therapie-corporelle-et-faciale-au-bois\/#primaryimage"},"thumbnailUrl":"https:\/\/maderoterapiaonline.org\/wp-content\/uploads\/2024\/04\/Que-es-la-maderoterapia-en-frances.jpg","keywords":["Blog Maderoterapia","Qu'est-ce que la th\u00e9rapie par le bois ?"],"articleSection":["blog","blog"],"inLanguage":"fr-FR","potentialAction":[{"@type":"CommentAction","name":"Comment","target":["https:\/\/maderoterapiaonline.org\/fr\/quest-ce-que-la-therapie-corporelle-et-faciale-au-bois\/#respond"]}]},{"@type":"WebPage","@id":"https:\/\/maderoterapiaonline.org\/fr\/quest-ce-que-la-therapie-corporelle-et-faciale-au-bois\/","url":"https:\/\/maderoterapiaonline.org\/fr\/quest-ce-que-la-therapie-corporelle-et-faciale-au-bois\/","name":"Qu&#039;est-ce que la th\u00e9rapie corporelle et faciale au bois ? - Maderoterapia Online","isPartOf":{"@id":"https:\/\/maderoterapiaonline.org\/fr\/#website"},"primaryImageOfPage":{"@id":"https:\/\/maderoterapiaonline.org\/fr\/quest-ce-que-la-therapie-corporelle-et-faciale-au-bois\/#primaryimage"},"image":{"@id":"https:\/\/maderoterapiaonline.org\/fr\/quest-ce-que-la-therapie-corporelle-et-faciale-au-bois\/#primaryimage"},"thumbnailUrl":"https:\/\/maderoterapiaonline.org\/wp-content\/uploads\/2024\/04\/Que-es-la-maderoterapia-en-frances.jpg","datePublished":"2018-12-08T11:33:47+00:00","dateModified":"2024-04-17T11:22:07+00:00","breadcrumb":{"@id":"https:\/\/maderoterapiaonline.org\/fr\/quest-ce-que-la-therapie-corporelle-et-faciale-au-bois\/#breadcrumb"},"inLanguage":"fr-FR","potentialAction":[{"@type":"ReadAction","target":["https:\/\/maderoterapiaonline.org\/fr\/quest-ce-que-la-therapie-corporelle-et-faciale-au-bois\/"]}]},{"@type":"ImageObject","inLanguage":"fr-FR","@id":"https:\/\/maderoterapiaonline.org\/fr\/quest-ce-que-la-therapie-corporelle-et-faciale-au-bois\/#primaryimage","url":"https:\/\/maderoterapiaonline.org\/wp-content\/uploads\/2024\/04\/Que-es-la-maderoterapia-en-frances.jpg","contentUrl":"https:\/\/maderoterapiaonline.org\/wp-content\/uploads\/2024\/04\/Que-es-la-maderoterapia-en-frances.jpg","width":1024,"height":536,"caption":"Maderoth\u00e9rapie corps et visage"},{"@type":"BreadcrumbList","@id":"https:\/\/maderoterapiaonline.org\/fr\/quest-ce-que-la-therapie-corporelle-et-faciale-au-bois\/#breadcrumb","itemListElement":[{"@type":"ListItem","position":1,"name":"Portada","item":"https:\/\/maderoterapiaonline.org\/fr\/"},{"@type":"ListItem","position":2,"name":"Qu&#039;est-ce que la th\u00e9rapie corporelle et faciale au bois ?"}]},{"@type":"WebSite","@id":"https:\/\/maderoterapiaonline.org\/fr\/#website","url":"https:\/\/maderoterapiaonline.org\/fr\/","name":"Maderoterapia Online","description":"Compra tu kit de Maderoterapia Profesional. Env\u00edos 24\/48h. Atenci\u00f3n al cliente por profesionales Maderoterapeutas","publisher":{"@id":"https:\/\/maderoterapiaonline.org\/fr\/#organization"},"alternateName":"Maderoterapiaonline.org","potentialAction":[{"@type":"SearchAction","target":{"@type":"EntryPoint","urlTemplate":"https:\/\/maderoterapiaonline.org\/fr\/?s={search_term_string}"},"query-input":{"@type":"PropertyValueSpecification","valueRequired":true,"valueName":"search_term_string"}}],"inLanguage":"fr-FR"},{"@type":"Organization","@id":"https:\/\/maderoterapiaonline.org\/fr\/#organization","name":"Maderoterapia Est\u00e9tica Espa\u00f1a \u2013 Dori L\u00f3pez\u00ae y Escuela Profesional Maderoterapia Online\u00ae.","url":"https:\/\/maderoterapiaonline.org\/fr\/","logo":{"@type":"ImageObject","inLanguage":"fr-FR","@id":"https:\/\/maderoterapiaonline.org\/fr\/#\/schema\/logo\/image\/","url":"https:\/\/maderoterapiaonline.org\/wp-content\/uploads\/2025\/03\/Logo-M-1.png","contentUrl":"https:\/\/maderoterapiaonline.org\/wp-content\/uploads\/2025\/03\/Logo-M-1.png","width":1464,"height":1051,"caption":"Maderoterapia Est\u00e9tica Espa\u00f1a \u2013 Dori L\u00f3pez\u00ae y Escuela Profesional Maderoterapia Online\u00ae."},"image":{"@id":"https:\/\/maderoterapiaonline.org\/fr\/#\/schema\/logo\/image\/"}},{"@type":"Person","@id":"https:\/\/maderoterapiaonline.org\/fr\/#\/schema\/person\/f0147cfaabb3372aaa2a75bfcd881fcd","name":"Juanjo","image":{"@type":"ImageObject","inLanguage":"fr-FR","@id":"https:\/\/secure.gravatar.com\/avatar\/bf4ec14830bed7f77073acb156f12f5c27fcdfffdb3d1300860df465e507f220?s=96&d=mm&r=g","url":"https:\/\/secure.gravatar.com\/avatar\/bf4ec14830bed7f77073acb156f12f5c27fcdfffdb3d1300860df465e507f220?s=96&d=mm&r=g","contentUrl":"https:\/\/secure.gravatar.com\/avatar\/bf4ec14830bed7f77073acb156f12f5c27fcdfffdb3d1300860df465e507f220?s=96&d=mm&r=g","caption":"Juanjo"}}]}},"_links":{"self":[{"href":"https:\/\/maderoterapiaonline.org\/fr\/wp-json\/wp\/v2\/posts\/42411","targetHints":{"allow":["GET"]}}],"collection":[{"href":"https:\/\/maderoterapiaonline.org\/fr\/wp-json\/wp\/v2\/posts"}],"about":[{"href":"https:\/\/maderoterapiaonline.org\/fr\/wp-json\/wp\/v2\/types\/post"}],"author":[{"embeddable":true,"href":"https:\/\/maderoterapiaonline.org\/fr\/wp-json\/wp\/v2\/users\/2"}],"replies":[{"embeddable":true,"href":"https:\/\/maderoterapiaonline.org\/fr\/wp-json\/wp\/v2\/comments?post=42411"}],"version-history":[{"count":0,"href":"https:\/\/maderoterapiaonline.org\/fr\/wp-json\/wp\/v2\/posts\/42411\/revisions"}],"wp:featuredmedia":[{"embeddable":true,"href":"https:\/\/maderoterapiaonline.org\/fr\/wp-json\/wp\/v2\/media\/41331"}],"wp:attachment":[{"href":"https:\/\/maderoterapiaonline.org\/fr\/wp-json\/wp\/v2\/media?parent=42411"}],"wp:term":[{"taxonomy":"category","embeddable":true,"href":"https:\/\/maderoterapiaonline.org\/fr\/wp-json\/wp\/v2\/categories?post=42411"},{"taxonomy":"post_tag","embeddable":true,"href":"https:\/\/maderoterapiaonline.org\/fr\/wp-json\/wp\/v2\/tags?post=42411"}],"curies":[{"name":"wp","href":"https:\/\/api.w.org\/{rel}","templated":true}]}}